{"id":7052,"date":"2026-04-26T10:38:17","date_gmt":"2026-04-26T14:38:17","guid":{"rendered":"https:\/\/disidenteschile.com\/?p=7052"},"modified":"2026-04-26T10:43:04","modified_gmt":"2026-04-26T14:43:04","slug":"es-cierto-lo-que-dijo-la-subsecretaria-de-prevencion-del-delito-no-y-aca-te-lo-contamos-que-no-te-mientan","status":"publish","type":"post","link":"https:\/\/disidenteschile.com\/?p=7052","title":{"rendered":"\u00bfEs cierto lo que dijo la Subsecretaria de prevenci\u00f3n del delito?   NO.  Y ac\u00e1 te lo contamos.   QUE NO TE MIENTAN"},"content":{"rendered":"\n<div id=\"taboola-mid-article-thumbnails-2\"><\/div>\n<script type=\"text\/javascript\">\n  window._taboola = window._taboola || [];\n  _taboola.push({\n    mode: 'thumbnails-mid',\n    container: 'taboola-mid-article-thumbnails-2',\n    placement: 'Mid Article Thumbnails 2',\n    target_type: 'mix'\n  });\n<\/script>\n\n\n\n<p class=\"has-large-font-size\">La subsecretaria de Prevenci\u00f3n del Delito, Ana Victoria Quintana, afirm\u00f3 que las autoridades anteriores habr\u00edan dejado a las polic\u00edas \u201csolas\u201d y \u201cdesarmadas moralmente\u201d, planteando una cr\u00edtica pol\u00edtica a la gesti\u00f3n del gobierno de Boric en materia de seguridad. Sin embargo, su declaraci\u00f3n no fue acompa\u00f1ada de datos concretos \u2014como cifras de presupuesto, dotaci\u00f3n o resultados operativos\u2014, lo que la sit\u00faa m\u00e1s en el plano interpretativo que en el evidencial.<\/p>\n\n\n\n<p class=\"has-large-font-size\">Esa lectura contrasta con declaraciones del entonces general director de Carabineros, Ricardo Y\u00e1\u00f1ez, quien en 2024 sostuvo que el gobierno \u201cse ocup\u00f3 de hacerse cargo de las deficiencias y falencias\u201d de la instituci\u00f3n, destacando adem\u00e1s que \u201cnunca hab\u00eda visto una asignaci\u00f3n de recursos de tal envergadura\u201d. Estas afirmaciones provienen del m\u00e1ximo jefe en ejercicio de la polic\u00eda uniformada, lo que les otorga un peso institucional distinto al de una autoridad pol\u00edtica.<\/p>\n\n\n\n<p class=\"has-large-font-size\">Adem\u00e1s, Y\u00e1\u00f1ez calific\u00f3 la relaci\u00f3n con el Presidente como \u201cmuy buena, muy fluida\u201d, se\u00f1alando que la confianza entre el Ejecutivo y Carabineros permiti\u00f3 avanzar en diversas materias. Estas declaraciones sugieren no solo un respaldo operativo y presupuestario, sino tambi\u00e9n un v\u00ednculo institucional estable, lo que tensiona directamente la idea de un \u201cabandono\u201d o debilitamiento generalizado.<\/p>\n\n\n\n<div id=\"taboola-mid-article-thumbnails\"><\/div>\n<script type=\"text\/javascript\">\n  window._taboola = window._taboola || [];\n  _taboola.push({\n    mode: 'thumbnails-mid',\n    container: 'taboola-mid-article-thumbnails',\n    placement: 'Mid Article Thumbnails',\n    target_type: 'mix'\n  });\n<\/script>\n\n\n\n<p class=\"has-large-font-size\">En ese contexto, se configura una clara contradicci\u00f3n: mientras la subsecretaria plantea un diagn\u00f3stico cr\u00edtico sin respaldo emp\u00edrico expl\u00edcito, el propio liderazgo de Carabineros describe un escenario de fortalecimiento relativo y colaboraci\u00f3n con el gobierno. Esto no zanja el debate, pero s\u00ed evidencia que las evaluaciones sobre seguridad pueden variar significativamente seg\u00fan la posici\u00f3n pol\u00edtica o institucional desde la cual se emiten.<\/p>\n\n\n\n<p class=\"has-large-font-size\">Fuentes:<\/p>\n\n\n\n<p><a href=\"https:\/\/www.biobiochile.cl\/noticias\/nacional\/chile\/2024\/10\/08\/la-firme-defensa-de-yanez-al-gobierno-en-relacion-con-carabineros-se-hicieron-cargo-de-deficiencias.shtml\">https:\/\/www.biobiochile.cl\/noticias\/nacional\/chile\/2024\/10\/08\/la-firme-defensa-de-yanez-al-gobierno-en-relacion-con-carabineros-se-hicieron-cargo-de-deficiencias.shtml<\/a><\/p>\n\n\n\n<p><a href=\"https:\/\/www.cnnchile.com\/pais\/yanez-relacion-boric-recuros-gobierno-carabineros_20240823\">https:\/\/www.cnnchile.com\/pais\/yanez-relacion-boric-recuros-gobierno-carabineros_20240823<\/a><\/p>\n\n\n\n<p><\/p>\n\n\n\n<div id=\"taboola-below-article-thumbnails\"><\/div>\n<script type=\"text\/javascript\">\n  window._taboola = window._taboola || [];\n  _taboola.push({\n    mode: 'alternating-thumbnails-a',\n    container: 'taboola-below-article-thumbnails',\n    placement: 'Below Article Thumbnails',\n    target_type: 'mix'\n  });\n<\/script>\n","protected":false},"excerpt":{"rendered":"<p>La subsecretaria de Prevenci\u00f3n del Delito, Ana Victoria Quintana, afirm\u00f3<\/p>\n","protected":false},"author":1,"featured_media":7053,"comment_status":"open","ping_status":"open","sticky":false,"template":"","format":"standard","meta":{"footnotes":""},"categories":[1],"tags":[],"class_list":["post-7052","post","type-post","status-publish","format-standard","has-post-thumbnail","hentry","category-noticias-y-actualidad"],"yoast_head":"<!-- This site is optimized with the Yoast SEO plugin v26.6 - https:\/\/yoast.com\/wordpress\/plugins\/seo\/ -->\n<title>\u00bfEs cierto lo que dijo la Subsecretaria de prevenci\u00f3n del delito?  NO. Y ac\u00e1 te lo contamos.  QUE NO TE MIENTAN - Disidentes Chile<\/title>\n<meta name=\"robots\" content=\"index, follow, max-snippet:-1, max-image-preview:large, max-video-preview:-1\" \/>\n<link rel=\"canonical\" href=\"https:\/\/disidenteschile.com\/?p=7052\" \/>\n<meta property=\"og:locale\" content=\"es_ES\" \/>\n<meta property=\"og:type\" content=\"article\" \/>\n<meta property=\"og:title\" content=\"\u00bfEs cierto lo que dijo la Subsecretaria de prevenci\u00f3n del delito?  NO. Y ac\u00e1 te lo contamos.  QUE NO TE MIENTAN - Disidentes Chile\" \/>\n<meta property=\"og:description\" content=\"La subsecretaria de Prevenci\u00f3n del Delito, Ana Victoria Quintana, afirm\u00f3\" \/>\n<meta property=\"og:url\" content=\"https:\/\/disidenteschile.com\/?p=7052\" \/>\n<meta property=\"og:site_name\" content=\"Disidentes Chile\" \/>\n<meta property=\"article:published_time\" content=\"2026-04-26T14:38:17+00:00\" \/>\n<meta property=\"article:modified_time\" content=\"2026-04-26T14:43:04+00:00\" \/>\n<meta property=\"og:image\" content=\"https:\/\/disidenteschile.com\/wp-content\/uploads\/2026\/04\/CARABBORIC.jpg\" \/>\n\t<meta property=\"og:image:width\" content=\"700\" \/>\n\t<meta property=\"og:image:height\" content=\"400\" \/>\n\t<meta property=\"og:image:type\" content=\"image\/jpeg\" \/>\n<meta name=\"author\" content=\"Chester\" \/>\n<meta name=\"twitter:card\" content=\"summary_large_image\" \/>\n<meta name=\"twitter:label1\" content=\"Escrito por\" \/>\n\t<meta name=\"twitter:data1\" content=\"Chester\" \/>\n\t<meta name=\"twitter:label2\" content=\"Tiempo estimado de lectura\" \/>\n\t<meta name=\"twitter:data2\" content=\"2 minutos\" \/>\n<script type=\"application\/ld+json\" class=\"yoast-schema-graph\">{\"@context\":\"https:\/\/schema.org\",\"@graph\":[{\"@type\":\"WebPage\",\"@id\":\"https:\/\/disidenteschile.com\/?p=7052\",\"url\":\"https:\/\/disidenteschile.com\/?p=7052\",\"name\":\"\u00bfEs cierto lo que dijo la Subsecretaria de prevenci\u00f3n del delito? NO. Y ac\u00e1 te lo contamos. QUE NO TE MIENTAN - Disidentes Chile\",\"isPartOf\":{\"@id\":\"https:\/\/disidenteschile.com\/#website\"},\"primaryImageOfPage\":{\"@id\":\"https:\/\/disidenteschile.com\/?p=7052#primaryimage\"},\"image\":{\"@id\":\"https:\/\/disidenteschile.com\/?p=7052#primaryimage\"},\"thumbnailUrl\":\"https:\/\/disidenteschile.com\/wp-content\/uploads\/2026\/04\/CARABBORIC.jpg\",\"datePublished\":\"2026-04-26T14:38:17+00:00\",\"dateModified\":\"2026-04-26T14:43:04+00:00\",\"author\":{\"@id\":\"https:\/\/disidenteschile.com\/#\/schema\/person\/9a8ac58c48bacbd799fca4a753387cf8\"},\"breadcrumb\":{\"@id\":\"https:\/\/disidenteschile.com\/?p=7052#breadcrumb\"},\"inLanguage\":\"es-CL\",\"potentialAction\":[{\"@type\":\"ReadAction\",\"target\":[\"https:\/\/disidenteschile.com\/?p=7052\"]}]},{\"@type\":\"ImageObject\",\"inLanguage\":\"es-CL\",\"@id\":\"https:\/\/disidenteschile.com\/?p=7052#primaryimage\",\"url\":\"https:\/\/disidenteschile.com\/wp-content\/uploads\/2026\/04\/CARABBORIC.jpg\",\"contentUrl\":\"https:\/\/disidenteschile.com\/wp-content\/uploads\/2026\/04\/CARABBORIC.jpg\",\"width\":700,\"height\":400},{\"@type\":\"BreadcrumbList\",\"@id\":\"https:\/\/disidenteschile.com\/?p=7052#breadcrumb\",\"itemListElement\":[{\"@type\":\"ListItem\",\"position\":1,\"name\":\"Portada\",\"item\":\"https:\/\/disidenteschile.com\/\"},{\"@type\":\"ListItem\",\"position\":2,\"name\":\"\u00bfEs cierto lo que dijo la Subsecretaria de prevenci\u00f3n del delito? NO. Y ac\u00e1 te lo contamos. QUE NO TE MIENTAN\"}]},{\"@type\":\"WebSite\",\"@id\":\"https:\/\/disidenteschile.com\/#website\",\"url\":\"https:\/\/disidenteschile.com\/\",\"name\":\"Disidentes Chile\",\"description\":\"LA VERDADERA S\u00c1TIRA POL\u00cdTICA   contacto@disidenteschile.com\",\"potentialAction\":[{\"@type\":\"SearchAction\",\"target\":{\"@type\":\"EntryPoint\",\"urlTemplate\":\"https:\/\/disidenteschile.com\/?s={search_term_string}\"},\"query-input\":{\"@type\":\"PropertyValueSpecification\",\"valueRequired\":true,\"valueName\":\"search_term_string\"}}],\"inLanguage\":\"es-CL\"},{\"@type\":\"Person\",\"@id\":\"https:\/\/disidenteschile.com\/#\/schema\/person\/9a8ac58c48bacbd799fca4a753387cf8\",\"name\":\"Chester\",\"image\":{\"@type\":\"ImageObject\",\"inLanguage\":\"es-CL\",\"@id\":\"https:\/\/disidenteschile.com\/#\/schema\/person\/image\/\",\"url\":\"https:\/\/secure.gravatar.com\/avatar\/5cc787367bb26df4d158a1a9aa7b733c?s=96&d=mm&r=g\",\"contentUrl\":\"https:\/\/secure.gravatar.com\/avatar\/5cc787367bb26df4d158a1a9aa7b733c?s=96&d=mm&r=g\",\"caption\":\"Chester\"},\"sameAs\":[\"https:\/\/disidenteschile.com\"],\"url\":\"https:\/\/disidenteschile.com\/?author=1\"}]}<\/script>\n<!-- \/ Yoast SEO plugin. -->","yoast_head_json":{"title":"\u00bfEs cierto lo que dijo la Subsecretaria de prevenci\u00f3n del delito?  NO. Y ac\u00e1 te lo contamos.  QUE NO TE MIENTAN - Disidentes Chile","robots":{"index":"index","follow":"follow","max-snippet":"max-snippet:-1","max-image-preview":"max-image-preview:large","max-video-preview":"max-video-preview:-1"},"canonical":"https:\/\/disidenteschile.com\/?p=7052","og_locale":"es_ES","og_type":"article","og_title":"\u00bfEs cierto lo que dijo la Subsecretaria de prevenci\u00f3n del delito?  NO. Y ac\u00e1 te lo contamos.  QUE NO TE MIENTAN - Disidentes Chile","og_description":"La subsecretaria de Prevenci\u00f3n del Delito, Ana Victoria Quintana, afirm\u00f3","og_url":"https:\/\/disidenteschile.com\/?p=7052","og_site_name":"Disidentes Chile","article_published_time":"2026-04-26T14:38:17+00:00","article_modified_time":"2026-04-26T14:43:04+00:00","og_image":[{"width":700,"height":400,"url":"https:\/\/disidenteschile.com\/wp-content\/uploads\/2026\/04\/CARABBORIC.jpg","type":"image\/jpeg"}],"author":"Chester","twitter_card":"summary_large_image","twitter_misc":{"Escrito por":"Chester","Tiempo estimado de lectura":"2 minutos"},"schema":{"@context":"https:\/\/schema.org","@graph":[{"@type":"WebPage","@id":"https:\/\/disidenteschile.com\/?p=7052","url":"https:\/\/disidenteschile.com\/?p=7052","name":"\u00bfEs cierto lo que dijo la Subsecretaria de prevenci\u00f3n del delito? NO. Y ac\u00e1 te lo contamos. QUE NO TE MIENTAN - Disidentes Chile","isPartOf":{"@id":"https:\/\/disidenteschile.com\/#website"},"primaryImageOfPage":{"@id":"https:\/\/disidenteschile.com\/?p=7052#primaryimage"},"image":{"@id":"https:\/\/disidenteschile.com\/?p=7052#primaryimage"},"thumbnailUrl":"https:\/\/disidenteschile.com\/wp-content\/uploads\/2026\/04\/CARABBORIC.jpg","datePublished":"2026-04-26T14:38:17+00:00","dateModified":"2026-04-26T14:43:04+00:00","author":{"@id":"https:\/\/disidenteschile.com\/#\/schema\/person\/9a8ac58c48bacbd799fca4a753387cf8"},"breadcrumb":{"@id":"https:\/\/disidenteschile.com\/?p=7052#breadcrumb"},"inLanguage":"es-CL","potentialAction":[{"@type":"ReadAction","target":["https:\/\/disidenteschile.com\/?p=7052"]}]},{"@type":"ImageObject","inLanguage":"es-CL","@id":"https:\/\/disidenteschile.com\/?p=7052#primaryimage","url":"https:\/\/disidenteschile.com\/wp-content\/uploads\/2026\/04\/CARABBORIC.jpg","contentUrl":"https:\/\/disidenteschile.com\/wp-content\/uploads\/2026\/04\/CARABBORIC.jpg","width":700,"height":400},{"@type":"BreadcrumbList","@id":"https:\/\/disidenteschile.com\/?p=7052#breadcrumb","itemListElement":[{"@type":"ListItem","position":1,"name":"Portada","item":"https:\/\/disidenteschile.com\/"},{"@type":"ListItem","position":2,"name":"\u00bfEs cierto lo que dijo la Subsecretaria de prevenci\u00f3n del delito? NO. Y ac\u00e1 te lo contamos. QUE NO TE MIENTAN"}]},{"@type":"WebSite","@id":"https:\/\/disidenteschile.com\/#website","url":"https:\/\/disidenteschile.com\/","name":"Disidentes Chile","description":"LA VERDADERA S\u00c1TIRA POL\u00cdTICA   contacto@disidenteschile.com","potentialAction":[{"@type":"SearchAction","target":{"@type":"EntryPoint","urlTemplate":"https:\/\/disidenteschile.com\/?s={search_term_string}"},"query-input":{"@type":"PropertyValueSpecification","valueRequired":true,"valueName":"search_term_string"}}],"inLanguage":"es-CL"},{"@type":"Person","@id":"https:\/\/disidenteschile.com\/#\/schema\/person\/9a8ac58c48bacbd799fca4a753387cf8","name":"Chester","image":{"@type":"ImageObject","inLanguage":"es-CL","@id":"https:\/\/disidenteschile.com\/#\/schema\/person\/image\/","url":"https:\/\/secure.gravatar.com\/avatar\/5cc787367bb26df4d158a1a9aa7b733c?s=96&d=mm&r=g","contentUrl":"https:\/\/secure.gravatar.com\/avatar\/5cc787367bb26df4d158a1a9aa7b733c?s=96&d=mm&r=g","caption":"Chester"},"sameAs":["https:\/\/disidenteschile.com"],"url":"https:\/\/disidenteschile.com\/?author=1"}]}},"_links":{"self":[{"href":"https:\/\/disidenteschile.com\/index.php?rest_route=\/wp\/v2\/posts\/7052","targetHints":{"allow":["GET"]}}],"collection":[{"href":"https:\/\/disidenteschile.com\/index.php?rest_route=\/wp\/v2\/posts"}],"about":[{"href":"https:\/\/disidenteschile.com\/index.php?rest_route=\/wp\/v2\/types\/post"}],"author":[{"embeddable":true,"href":"https:\/\/disidenteschile.com\/index.php?rest_route=\/wp\/v2\/users\/1"}],"replies":[{"embeddable":true,"href":"https:\/\/disidenteschile.com\/index.php?rest_route=%2Fwp%2Fv2%2Fcomments&post=7052"}],"version-history":[{"count":3,"href":"https:\/\/disidenteschile.com\/index.php?rest_route=\/wp\/v2\/posts\/7052\/revisions"}],"predecessor-version":[{"id":7057,"href":"https:\/\/disidenteschile.com\/index.php?rest_route=\/wp\/v2\/posts\/7052\/revisions\/7057"}],"wp:featuredmedia":[{"embeddable":true,"href":"https:\/\/disidenteschile.com\/index.php?rest_route=\/wp\/v2\/media\/7053"}],"wp:attachment":[{"href":"https:\/\/disidenteschile.com\/index.php?rest_route=%2Fwp%2Fv2%2Fmedia&parent=7052"}],"wp:term":[{"taxonomy":"category","embeddable":true,"href":"https:\/\/disidenteschile.com\/index.php?rest_route=%2Fwp%2Fv2%2Fcategories&post=7052"},{"taxonomy":"post_tag","embeddable":true,"href":"https:\/\/disidenteschile.com\/index.php?rest_route=%2Fwp%2Fv2%2Ftags&post=7052"}],"curies":[{"name":"wp","href":"https:\/\/api.w.org\/{rel}","templated":true}]}}