{"id":7058,"date":"2026-04-26T13:08:57","date_gmt":"2026-04-26T17:08:57","guid":{"rendered":"https:\/\/disidenteschile.com\/?p=7058"},"modified":"2026-04-26T13:08:58","modified_gmt":"2026-04-26T17:08:58","slug":"ansiedad-los-chascarros-de-la-vocera-mara-sedini-en-video","status":"publish","type":"post","link":"https:\/\/disidenteschile.com\/?p=7058","title":{"rendered":"ANSIEDAD : Los chascarros de la vocera Mara Sedini en VIDEO"},"content":{"rendered":"\n<div id=\"taboola-mid-article-thumbnails-2\"><\/div>\n<script type=\"text\/javascript\">\n  window._taboola = window._taboola || [];\n  _taboola.push({\n    mode: 'thumbnails-mid',\n    container: 'taboola-mid-article-thumbnails-2',\n    placement: 'Mid Article Thumbnails 2',\n    target_type: 'mix'\n  });\n<\/script>\n\n\n\n<p class=\"has-large-font-size\">La vocer\u00eda de Mara Sedini parece haber convertido el idioma espa\u00f1ol en una especie de laboratorio experimental: frases que parten en A, pasan por B y terminan en un lugar desconocido. El cl\u00e1sico \u201cpor razones felices tenemos noticias tristes\u201d no solo desaf\u00eda la l\u00f3gica, sino que deja al p\u00fablico pregunt\u00e1ndose si re\u00edr, preocuparse o simplemente reiniciar el cerebro. Comunicaci\u00f3n cu\u00e1ntica: dos estados al mismo tiempo.<\/p>\n\n\n\n<p class=\"has-large-font-size\">Cuando sali\u00f3 pr\u00e1cticamente arrancando de la prensa, m\u00e1s que vocer\u00eda parec\u00eda prueba ol\u00edmpica de velocidad. Porque claro, en teor\u00eda el rol es enfrentar preguntas, no practicar esquiva nivel experto. La escena dej\u00f3 una sensaci\u00f3n curiosa: mientras m\u00e1s preguntas hay, m\u00e1s urgente se vuelve la necesidad de desaparecer. Estrategia comunicacional tipo \u201csi no estoy, no me preguntan\u201d.<\/p>\n\n\n\n<p class=\"has-large-font-size\">Luego vino el episodio del \u201cestrecho de Magallanes\u201d, que termin\u00f3 siendo menos geogr\u00e1fico y m\u00e1s conceptual. Porque una cosa es equivocarse, y otra es abrir un multiverso donde los conceptos empiezan a mezclarse sin control. Ah\u00ed uno entiende que el problema no es el error puntual, sino la reiteraci\u00f3n: cuando los tropiezos dejan de ser accidentes y pasan a ser parte del patr\u00f3n.<\/p>\n\n\n\n<p class=\"has-large-font-size\">Y finalmente, el inolvidable \u201cestamos trabajando contra la seguridad\u201d, una joya que probablemente no estaba en el guion\u2026 pero igual sali\u00f3 al aire. Ese tipo de frases resumen todo: intenci\u00f3n correcta, ejecuci\u00f3n ca\u00f3tica. Porque al final, m\u00e1s que mala fe, lo que se percibe es una vocer\u00eda que lucha constantemente\u2026 contra s\u00ed misma.<\/p>\n\n\n\n<p class=\"has-large-font-size\">Y ac\u00e1, recapitulamos todo:<\/p>\n\n\n\n<div id=\"taboola-mid-article-thumbnails\"><\/div>\n<script type=\"text\/javascript\">\n  window._taboola = window._taboola || [];\n  _taboola.push({\n    mode: 'thumbnails-mid',\n    container: 'taboola-mid-article-thumbnails',\n    placement: 'Mid Article Thumbnails',\n    target_type: 'mix'\n  });\n<\/script>\n\n\n\n<figure class=\"wp-block-embed is-type-rich is-provider-twitter wp-block-embed-twitter\"><div class=\"wp-block-embed__wrapper\">\n<blockquote class=\"twitter-tweet\" data-width=\"550\" data-dnt=\"true\"><p lang=\"es\" dir=\"ltr\">Buena imitaci\u00f3n de la Mojojojo Sedini, pero tiene el pelo muy limpio \ud83d\ude1d\ud83d\ude1d\ud83d\ude1d <a href=\"https:\/\/t.co\/LdpVd26ujQ\">pic.twitter.com\/LdpVd26ujQ<\/a><\/p>&mdash; \ud83c\udd7f\ufe0f\ud83c\udd70\ufe0f\ud83c\udd7f\ufe0f\ud83c\udd84\u00ae\ufe0f\u00ae\ufe0f1\ufe0f\u20e3\ud83c\udd7f\ufe0f\ud83c\udd7e\ufe0f\ud83c\udd7f\ufe0f (@p4purrip0p) <a href=\"https:\/\/twitter.com\/p4purrip0p\/status\/2047993859112681699?ref_src=twsrc%5Etfw\">April 25, 2026<\/a><\/blockquote><script async src=\"https:\/\/platform.twitter.com\/widgets.js\" charset=\"utf-8\"><\/script>\n<\/div><\/figure>\n\n\n\n<figure class=\"wp-block-embed is-type-rich is-provider-twitter wp-block-embed-twitter\"><div class=\"wp-block-embed__wrapper\">\n<blockquote class=\"twitter-tweet\" data-width=\"550\" data-dnt=\"true\"><p lang=\"es\" dir=\"ltr\">GRANDES PENSADORES.<br><br>\u201cPor razones felices tambi\u00e9n tenemos noticas muy tristes\u201d.<br><br>\u201cY eso tenemos que cumplir con las promesas cumplidas\u201d.<br><br>Mara Sedini.<br>Vocera.<a href=\"https:\/\/twitter.com\/hashtag\/YaLoVanAEntender?src=hash&amp;ref_src=twsrc%5Etfw\">#YaLoVanAEntender<\/a> <a href=\"https:\/\/t.co\/JNEUQ5xE2w\">pic.twitter.com\/JNEUQ5xE2w<\/a><\/p>&mdash; ReneX (@Eneatipo7) <a href=\"https:\/\/twitter.com\/Eneatipo7\/status\/2034778493175603503?ref_src=twsrc%5Etfw\">March 19, 2026<\/a><\/blockquote><script async src=\"https:\/\/platform.twitter.com\/widgets.js\" charset=\"utf-8\"><\/script>\n<\/div><\/figure>\n\n\n\n<figure class=\"wp-block-embed is-type-rich is-provider-twitter wp-block-embed-twitter\"><div class=\"wp-block-embed__wrapper\">\n<blockquote class=\"twitter-tweet\" data-width=\"550\" data-dnt=\"true\"><p lang=\"es\" dir=\"ltr\">Vocera de gobierno Mara Sedini: \u201cLa verd\u00e1\u2026 estamos trabajando contra la seguridad\u201d <br>via <a href=\"https:\/\/twitter.com\/R_SaavedraM?ref_src=twsrc%5Etfw\">@R_SaavedraM<\/a> <a href=\"https:\/\/t.co\/SAM2epfBTh\">pic.twitter.com\/SAM2epfBTh<\/a><\/p>&mdash; PIENSAPRENSA 360 mil Seguidores (@PiensaPrensa) <a href=\"https:\/\/twitter.com\/PiensaPrensa\/status\/2046647442171473962?ref_src=twsrc%5Etfw\">April 21, 2026<\/a><\/blockquote><script async src=\"https:\/\/platform.twitter.com\/widgets.js\" charset=\"utf-8\"><\/script>\n<\/div><\/figure>\n\n\n\n<figure class=\"wp-block-embed is-type-rich is-provider-twitter wp-block-embed-twitter\"><div class=\"wp-block-embed__wrapper\">\n<blockquote class=\"twitter-tweet\" data-width=\"550\" data-dnt=\"true\"><p lang=\"es\" dir=\"ltr\">DATO : Precio del petr\u00f3leo hoy (24 de marzo): El crudo vuelve a los 104 d\u00f3lares por barril. La vocera de gobierno dice que el barril de petr\u00f3leo vale \u20ac2 euros.  Mara Sedini <a href=\"https:\/\/t.co\/38kfITQsSD\">pic.twitter.com\/38kfITQsSD<\/a><\/p>&mdash; PIENSAPRENSA 360 mil Seguidores (@PiensaPrensa) <a href=\"https:\/\/twitter.com\/PiensaPrensa\/status\/2036528422940196895?ref_src=twsrc%5Etfw\">March 24, 2026<\/a><\/blockquote><script async src=\"https:\/\/platform.twitter.com\/widgets.js\" charset=\"utf-8\"><\/script>\n<\/div><\/figure>\n\n\n\n<figure class=\"wp-block-embed is-type-rich is-provider-twitter wp-block-embed-twitter\"><div class=\"wp-block-embed__wrapper\">\n<blockquote class=\"twitter-tweet\" data-width=\"550\" data-dnt=\"true\"><p lang=\"es\" dir=\"ltr\">\ud83d\ude31\ud83d\ude31\ud83d\ude31IMPACTANTE !!! \ud83d\ude31\ud83d\ude31<br><br>\ud83d\udd34EN VIVO\ud83d\udd34<br><br>UNA PEINADA VOCERA DE GOBIERNO<br>EVADE LAS PREGUNTAS DE LA PRENSA Y SE R\u00cdE DE FORMA BURLESCA <br><br>DEJA A LOS PERIODISTAS CON LOS MICR\u00d3FONOS ESTIRADOS  <a href=\"https:\/\/twitter.com\/hashtag\/mara?src=hash&amp;ref_src=twsrc%5Etfw\">#mara<\/a> <a href=\"https:\/\/twitter.com\/hashtag\/sedini?src=hash&amp;ref_src=twsrc%5Etfw\">#sedini<\/a> <a href=\"https:\/\/t.co\/09CrHTLnBQ\">pic.twitter.com\/09CrHTLnBQ<\/a><\/p>&mdash; Pillerin \ud83d\udc4d (@Pillerin_) <a href=\"https:\/\/twitter.com\/Pillerin_\/status\/2044158738597019909?ref_src=twsrc%5Etfw\">April 14, 2026<\/a><\/blockquote><script async src=\"https:\/\/platform.twitter.com\/widgets.js\" charset=\"utf-8\"><\/script>\n<\/div><\/figure>\n\n\n\n<figure class=\"wp-block-embed is-type-rich is-provider-twitter wp-block-embed-twitter\"><div class=\"wp-block-embed__wrapper\">\n<blockquote class=\"twitter-tweet\" data-width=\"550\" data-dnt=\"true\"><p lang=\"es\" dir=\"ltr\">Hace 3 d\u00edas<br><br>La f\u00e9rrea defensa de Republicanos a Mara Sedini: \u201cA diferencia de Camila Vallejo, no se esconde en los temas dif\u00edciles\u201d<br><br>Hoy<br><br>Periodista: Alguna respuesta al oficio de contralor\u00eda? <br><br>Mara Sedini arranca como rata \ud83d\udc00 <a href=\"https:\/\/t.co\/GgT7EIZV4H\">pic.twitter.com\/GgT7EIZV4H<\/a><\/p>&mdash; Rodrigo Saavedra (@R_SaavedraM) <a href=\"https:\/\/twitter.com\/R_SaavedraM\/status\/2039101796551983334?ref_src=twsrc%5Etfw\">March 31, 2026<\/a><\/blockquote><script async src=\"https:\/\/platform.twitter.com\/widgets.js\" charset=\"utf-8\"><\/script>\n<\/div><\/figure>\n\n\n\n<div id=\"taboola-below-article-thumbnails\"><\/div>\n<script type=\"text\/javascript\">\n  window._taboola = window._taboola || [];\n  _taboola.push({\n    mode: 'alternating-thumbnails-a',\n    container: 'taboola-below-article-thumbnails',\n    placement: 'Below Article Thumbnails',\n    target_type: 'mix'\n  });\n<\/script>\n","protected":false},"excerpt":{"rendered":"<p>La vocer\u00eda de Mara Sedini parece haber convertido el idioma<\/p>\n","protected":false},"author":1,"featured_media":7059,"comment_status":"open","ping_status":"open","sticky":false,"template":"","format":"standard","meta":{"footnotes":""},"categories":[1],"tags":[],"class_list":["post-7058","post","type-post","status-publish","format-standard","has-post-thumbnail","hentry","category-noticias-y-actualidad"],"yoast_head":"<!-- This site is optimized with the Yoast SEO plugin v26.6 - https:\/\/yoast.com\/wordpress\/plugins\/seo\/ -->\n<title>ANSIEDAD : Los chascarros de la vocera Mara Sedini en VIDEO - Disidentes Chile<\/title>\n<meta name=\"robots\" content=\"index, follow, max-snippet:-1, max-image-preview:large, max-video-preview:-1\" \/>\n<link rel=\"canonical\" href=\"https:\/\/disidenteschile.com\/?p=7058\" \/>\n<meta property=\"og:locale\" content=\"es_ES\" \/>\n<meta property=\"og:type\" content=\"article\" \/>\n<meta property=\"og:title\" content=\"ANSIEDAD : Los chascarros de la vocera Mara Sedini en VIDEO - Disidentes Chile\" \/>\n<meta property=\"og:description\" content=\"La vocer\u00eda de Mara Sedini parece haber convertido el idioma\" \/>\n<meta property=\"og:url\" content=\"https:\/\/disidenteschile.com\/?p=7058\" \/>\n<meta property=\"og:site_name\" content=\"Disidentes Chile\" \/>\n<meta property=\"article:published_time\" content=\"2026-04-26T17:08:57+00:00\" \/>\n<meta property=\"article:modified_time\" content=\"2026-04-26T17:08:58+00:00\" \/>\n<meta property=\"og:image\" content=\"https:\/\/disidenteschile.com\/wp-content\/uploads\/2026\/04\/ANSIEDAD.jpg\" \/>\n\t<meta property=\"og:image:width\" content=\"700\" \/>\n\t<meta property=\"og:image:height\" content=\"400\" \/>\n\t<meta property=\"og:image:type\" content=\"image\/jpeg\" \/>\n<meta name=\"author\" content=\"Chester\" \/>\n<meta name=\"twitter:card\" content=\"summary_large_image\" \/>\n<meta name=\"twitter:label1\" content=\"Escrito por\" \/>\n\t<meta name=\"twitter:data1\" content=\"Chester\" \/>\n\t<meta name=\"twitter:label2\" content=\"Tiempo estimado de lectura\" \/>\n\t<meta name=\"twitter:data2\" content=\"2 minutos\" \/>\n<script type=\"application\/ld+json\" class=\"yoast-schema-graph\">{\"@context\":\"https:\/\/schema.org\",\"@graph\":[{\"@type\":\"WebPage\",\"@id\":\"https:\/\/disidenteschile.com\/?p=7058\",\"url\":\"https:\/\/disidenteschile.com\/?p=7058\",\"name\":\"ANSIEDAD : Los chascarros de la vocera Mara Sedini en VIDEO - Disidentes Chile\",\"isPartOf\":{\"@id\":\"https:\/\/disidenteschile.com\/#website\"},\"primaryImageOfPage\":{\"@id\":\"https:\/\/disidenteschile.com\/?p=7058#primaryimage\"},\"image\":{\"@id\":\"https:\/\/disidenteschile.com\/?p=7058#primaryimage\"},\"thumbnailUrl\":\"https:\/\/disidenteschile.com\/wp-content\/uploads\/2026\/04\/ANSIEDAD.jpg\",\"datePublished\":\"2026-04-26T17:08:57+00:00\",\"dateModified\":\"2026-04-26T17:08:58+00:00\",\"author\":{\"@id\":\"https:\/\/disidenteschile.com\/#\/schema\/person\/9a8ac58c48bacbd799fca4a753387cf8\"},\"breadcrumb\":{\"@id\":\"https:\/\/disidenteschile.com\/?p=7058#breadcrumb\"},\"inLanguage\":\"es-CL\",\"potentialAction\":[{\"@type\":\"ReadAction\",\"target\":[\"https:\/\/disidenteschile.com\/?p=7058\"]}]},{\"@type\":\"ImageObject\",\"inLanguage\":\"es-CL\",\"@id\":\"https:\/\/disidenteschile.com\/?p=7058#primaryimage\",\"url\":\"https:\/\/disidenteschile.com\/wp-content\/uploads\/2026\/04\/ANSIEDAD.jpg\",\"contentUrl\":\"https:\/\/disidenteschile.com\/wp-content\/uploads\/2026\/04\/ANSIEDAD.jpg\",\"width\":700,\"height\":400},{\"@type\":\"BreadcrumbList\",\"@id\":\"https:\/\/disidenteschile.com\/?p=7058#breadcrumb\",\"itemListElement\":[{\"@type\":\"ListItem\",\"position\":1,\"name\":\"Portada\",\"item\":\"https:\/\/disidenteschile.com\/\"},{\"@type\":\"ListItem\",\"position\":2,\"name\":\"ANSIEDAD : Los chascarros de la vocera Mara Sedini en VIDEO\"}]},{\"@type\":\"WebSite\",\"@id\":\"https:\/\/disidenteschile.com\/#website\",\"url\":\"https:\/\/disidenteschile.com\/\",\"name\":\"Disidentes Chile\",\"description\":\"LA VERDADERA S\u00c1TIRA POL\u00cdTICA   contacto@disidenteschile.com\",\"potentialAction\":[{\"@type\":\"SearchAction\",\"target\":{\"@type\":\"EntryPoint\",\"urlTemplate\":\"https:\/\/disidenteschile.com\/?s={search_term_string}\"},\"query-input\":{\"@type\":\"PropertyValueSpecification\",\"valueRequired\":true,\"valueName\":\"search_term_string\"}}],\"inLanguage\":\"es-CL\"},{\"@type\":\"Person\",\"@id\":\"https:\/\/disidenteschile.com\/#\/schema\/person\/9a8ac58c48bacbd799fca4a753387cf8\",\"name\":\"Chester\",\"image\":{\"@type\":\"ImageObject\",\"inLanguage\":\"es-CL\",\"@id\":\"https:\/\/disidenteschile.com\/#\/schema\/person\/image\/\",\"url\":\"https:\/\/secure.gravatar.com\/avatar\/5cc787367bb26df4d158a1a9aa7b733c?s=96&d=mm&r=g\",\"contentUrl\":\"https:\/\/secure.gravatar.com\/avatar\/5cc787367bb26df4d158a1a9aa7b733c?s=96&d=mm&r=g\",\"caption\":\"Chester\"},\"sameAs\":[\"https:\/\/disidenteschile.com\"],\"url\":\"https:\/\/disidenteschile.com\/?author=1\"}]}<\/script>\n<!-- \/ Yoast SEO plugin. -->","yoast_head_json":{"title":"ANSIEDAD : Los chascarros de la vocera Mara Sedini en VIDEO - Disidentes Chile","robots":{"index":"index","follow":"follow","max-snippet":"max-snippet:-1","max-image-preview":"max-image-preview:large","max-video-preview":"max-video-preview:-1"},"canonical":"https:\/\/disidenteschile.com\/?p=7058","og_locale":"es_ES","og_type":"article","og_title":"ANSIEDAD : Los chascarros de la vocera Mara Sedini en VIDEO - Disidentes Chile","og_description":"La vocer\u00eda de Mara Sedini parece haber convertido el idioma","og_url":"https:\/\/disidenteschile.com\/?p=7058","og_site_name":"Disidentes Chile","article_published_time":"2026-04-26T17:08:57+00:00","article_modified_time":"2026-04-26T17:08:58+00:00","og_image":[{"width":700,"height":400,"url":"https:\/\/disidenteschile.com\/wp-content\/uploads\/2026\/04\/ANSIEDAD.jpg","type":"image\/jpeg"}],"author":"Chester","twitter_card":"summary_large_image","twitter_misc":{"Escrito por":"Chester","Tiempo estimado de lectura":"2 minutos"},"schema":{"@context":"https:\/\/schema.org","@graph":[{"@type":"WebPage","@id":"https:\/\/disidenteschile.com\/?p=7058","url":"https:\/\/disidenteschile.com\/?p=7058","name":"ANSIEDAD : Los chascarros de la vocera Mara Sedini en VIDEO - Disidentes Chile","isPartOf":{"@id":"https:\/\/disidenteschile.com\/#website"},"primaryImageOfPage":{"@id":"https:\/\/disidenteschile.com\/?p=7058#primaryimage"},"image":{"@id":"https:\/\/disidenteschile.com\/?p=7058#primaryimage"},"thumbnailUrl":"https:\/\/disidenteschile.com\/wp-content\/uploads\/2026\/04\/ANSIEDAD.jpg","datePublished":"2026-04-26T17:08:57+00:00","dateModified":"2026-04-26T17:08:58+00:00","author":{"@id":"https:\/\/disidenteschile.com\/#\/schema\/person\/9a8ac58c48bacbd799fca4a753387cf8"},"breadcrumb":{"@id":"https:\/\/disidenteschile.com\/?p=7058#breadcrumb"},"inLanguage":"es-CL","potentialAction":[{"@type":"ReadAction","target":["https:\/\/disidenteschile.com\/?p=7058"]}]},{"@type":"ImageObject","inLanguage":"es-CL","@id":"https:\/\/disidenteschile.com\/?p=7058#primaryimage","url":"https:\/\/disidenteschile.com\/wp-content\/uploads\/2026\/04\/ANSIEDAD.jpg","contentUrl":"https:\/\/disidenteschile.com\/wp-content\/uploads\/2026\/04\/ANSIEDAD.jpg","width":700,"height":400},{"@type":"BreadcrumbList","@id":"https:\/\/disidenteschile.com\/?p=7058#breadcrumb","itemListElement":[{"@type":"ListItem","position":1,"name":"Portada","item":"https:\/\/disidenteschile.com\/"},{"@type":"ListItem","position":2,"name":"ANSIEDAD : Los chascarros de la vocera Mara Sedini en VIDEO"}]},{"@type":"WebSite","@id":"https:\/\/disidenteschile.com\/#website","url":"https:\/\/disidenteschile.com\/","name":"Disidentes Chile","description":"LA VERDADERA S\u00c1TIRA POL\u00cdTICA   contacto@disidenteschile.com","potentialAction":[{"@type":"SearchAction","target":{"@type":"EntryPoint","urlTemplate":"https:\/\/disidenteschile.com\/?s={search_term_string}"},"query-input":{"@type":"PropertyValueSpecification","valueRequired":true,"valueName":"search_term_string"}}],"inLanguage":"es-CL"},{"@type":"Person","@id":"https:\/\/disidenteschile.com\/#\/schema\/person\/9a8ac58c48bacbd799fca4a753387cf8","name":"Chester","image":{"@type":"ImageObject","inLanguage":"es-CL","@id":"https:\/\/disidenteschile.com\/#\/schema\/person\/image\/","url":"https:\/\/secure.gravatar.com\/avatar\/5cc787367bb26df4d158a1a9aa7b733c?s=96&d=mm&r=g","contentUrl":"https:\/\/secure.gravatar.com\/avatar\/5cc787367bb26df4d158a1a9aa7b733c?s=96&d=mm&r=g","caption":"Chester"},"sameAs":["https:\/\/disidenteschile.com"],"url":"https:\/\/disidenteschile.com\/?author=1"}]}},"_links":{"self":[{"href":"https:\/\/disidenteschile.com\/index.php?rest_route=\/wp\/v2\/posts\/7058","targetHints":{"allow":["GET"]}}],"collection":[{"href":"https:\/\/disidenteschile.com\/index.php?rest_route=\/wp\/v2\/posts"}],"about":[{"href":"https:\/\/disidenteschile.com\/index.php?rest_route=\/wp\/v2\/types\/post"}],"author":[{"embeddable":true,"href":"https:\/\/disidenteschile.com\/index.php?rest_route=\/wp\/v2\/users\/1"}],"replies":[{"embeddable":true,"href":"https:\/\/disidenteschile.com\/index.php?rest_route=%2Fwp%2Fv2%2Fcomments&post=7058"}],"version-history":[{"count":1,"href":"https:\/\/disidenteschile.com\/index.php?rest_route=\/wp\/v2\/posts\/7058\/revisions"}],"predecessor-version":[{"id":7060,"href":"https:\/\/disidenteschile.com\/index.php?rest_route=\/wp\/v2\/posts\/7058\/revisions\/7060"}],"wp:featuredmedia":[{"embeddable":true,"href":"https:\/\/disidenteschile.com\/index.php?rest_route=\/wp\/v2\/media\/7059"}],"wp:attachment":[{"href":"https:\/\/disidenteschile.com\/index.php?rest_route=%2Fwp%2Fv2%2Fmedia&parent=7058"}],"wp:term":[{"taxonomy":"category","embeddable":true,"href":"https:\/\/disidenteschile.com\/index.php?rest_route=%2Fwp%2Fv2%2Fcategories&post=7058"},{"taxonomy":"post_tag","embeddable":true,"href":"https:\/\/disidenteschile.com\/index.php?rest_route=%2Fwp%2Fv2%2Ftags&post=7058"}],"curies":[{"name":"wp","href":"https:\/\/api.w.org\/{rel}","templated":true}]}}