{"id":7061,"date":"2026-04-26T19:05:22","date_gmt":"2026-04-26T23:05:22","guid":{"rendered":"https:\/\/disidenteschile.com\/?p=7061"},"modified":"2026-04-26T19:05:24","modified_gmt":"2026-04-26T23:05:24","slug":"matamala-barre-con-quiroz-y-lo-denuncia-de-ser-responsable-de-eliminar-ayudas-sociales-otra-notable-columna","status":"publish","type":"post","link":"https:\/\/disidenteschile.com\/?p=7061","title":{"rendered":"Matamala BARRE con Quiroz y lo denuncia de ser responsable de eliminar ayudas sociales.  Otra NOTABLE columna"},"content":{"rendered":"\n<div id=\"taboola-mid-article-thumbnails-2\"><\/div>\n<script type=\"text\/javascript\">\n  window._taboola = window._taboola || [];\n  _taboola.push({\n    mode: 'thumbnails-mid',\n    container: 'taboola-mid-article-thumbnails-2',\n    placement: 'Mid Article Thumbnails 2',\n    target_type: 'mix'\n  });\n<\/script>\n\n\n\n<p class=\"has-large-font-size\">La columna plantea un escenario inquietante: bajo el discurso de eficiencia y ajuste fiscal, lo que se perfila es un recorte profundo a la red de protecci\u00f3n social. La idea de que \u201cla mejor pol\u00edtica social es el empleo\u201d aparece no como un complemento, sino como una excusa para desmantelar programas que hoy sostienen a millones. El problema no es la aspiraci\u00f3n al empleo pleno, sino usarla como argumento para retirar apoyos concretos que siguen siendo necesarios en la realidad actual.<\/p>\n\n\n\n<p class=\"has-large-font-size\">El \u00e9nfasis cr\u00edtico apunta a que no se trata de una optimizaci\u00f3n fina, sino de una reducci\u00f3n masiva. La menci\u00f3n a la revisi\u00f3n o \u201cdescontinuaci\u00f3n\u201d de m\u00faltiples programas sociales sugiere un enfoque que prioriza el ahorro por sobre el impacto humano. En ese contexto, \u00e1reas sensibles como salud, educaci\u00f3n y alimentaci\u00f3n quedan expuestas a recortes que, aunque puedan parecer t\u00e9cnicos en el papel, tienen consecuencias directas en la vida cotidiana de las personas m\u00e1s vulnerables.<\/p>\n\n\n\n<p class=\"has-large-font-size\">Adem\u00e1s, la cr\u00edtica subraya una contradicci\u00f3n evidente: se promete no afectar beneficios sociales, pero al mismo tiempo se proyectan recortes millonarios que dif\u00edcilmente pueden lograrse sin tocar esos mismos programas. Esa tensi\u00f3n entre discurso y acci\u00f3n genera desconfianza, porque instala la sensaci\u00f3n de que el ajuste ya est\u00e1 decidido, pero se comunica de forma atenuada para evitar costos pol\u00edticos.<\/p>\n\n\n\n<div id=\"taboola-mid-article-thumbnails\"><\/div>\n<script type=\"text\/javascript\">\n  window._taboola = window._taboola || [];\n  _taboola.push({\n    mode: 'thumbnails-mid',\n    container: 'taboola-mid-article-thumbnails',\n    placement: 'Mid Article Thumbnails',\n    target_type: 'mix'\n  });\n<\/script>\n\n\n\n<p class=\"has-large-font-size\">Finalmente, el tono pesimista surge de una preocupaci\u00f3n de fondo: que este tipo de medidas no solo reduzcan el rol del Estado, sino que rompan acuerdos sociales construidos durante d\u00e9cadas. M\u00e1s que una reforma puntual, lo que se percibe es un cambio de paradigma donde la protecci\u00f3n social deja de ser un pilar y pasa a verse como un gasto prescindible, con efectos que podr\u00edan profundizar desigualdades en lugar de resolverlas.<\/p>\n\n\n\n<figure class=\"wp-block-image size-large\"><img loading=\"lazy\" decoding=\"async\" width=\"834\" height=\"1024\" src=\"https:\/\/disidenteschile.com\/wp-content\/uploads\/2026\/04\/HG1nzw-bMAAU2zR-834x1024.jpg\" alt=\"\" class=\"wp-image-7063\" srcset=\"https:\/\/disidenteschile.com\/wp-content\/uploads\/2026\/04\/HG1nzw-bMAAU2zR-834x1024.jpg 834w, https:\/\/disidenteschile.com\/wp-content\/uploads\/2026\/04\/HG1nzw-bMAAU2zR-244x300.jpg 244w, https:\/\/disidenteschile.com\/wp-content\/uploads\/2026\/04\/HG1nzw-bMAAU2zR-768x943.jpg 768w, https:\/\/disidenteschile.com\/wp-content\/uploads\/2026\/04\/HG1nzw-bMAAU2zR-1024x1257.jpg 1024w, https:\/\/disidenteschile.com\/wp-content\/uploads\/2026\/04\/HG1nzw-bMAAU2zR.jpg 1179w\" sizes=\"auto, (max-width: 834px) 100vw, 834px\" \/><\/figure>\n\n\n\n<div id=\"taboola-below-article-thumbnails\"><\/div>\n<script type=\"text\/javascript\">\n  window._taboola = window._taboola || [];\n  _taboola.push({\n    mode: 'alternating-thumbnails-a',\n    container: 'taboola-below-article-thumbnails',\n    placement: 'Below Article Thumbnails',\n    target_type: 'mix'\n  });\n<\/script>\n","protected":false},"excerpt":{"rendered":"<p>La columna plantea un escenario inquietante: bajo el discurso de<\/p>\n","protected":false},"author":1,"featured_media":7062,"comment_status":"open","ping_status":"open","sticky":false,"template":"","format":"standard","meta":{"footnotes":""},"categories":[1],"tags":[],"class_list":["post-7061","post","type-post","status-publish","format-standard","has-post-thumbnail","hentry","category-noticias-y-actualidad"],"yoast_head":"<!-- This site is optimized with the Yoast SEO plugin v26.6 - https:\/\/yoast.com\/wordpress\/plugins\/seo\/ -->\n<title>Matamala BARRE con Quiroz y lo denuncia de ser responsable de eliminar ayudas sociales. Otra NOTABLE columna - Disidentes Chile<\/title>\n<meta name=\"robots\" content=\"index, follow, max-snippet:-1, max-image-preview:large, max-video-preview:-1\" \/>\n<link rel=\"canonical\" href=\"https:\/\/disidenteschile.com\/?p=7061\" \/>\n<meta property=\"og:locale\" content=\"es_ES\" \/>\n<meta property=\"og:type\" content=\"article\" \/>\n<meta property=\"og:title\" content=\"Matamala BARRE con Quiroz y lo denuncia de ser responsable de eliminar ayudas sociales. Otra NOTABLE columna - Disidentes Chile\" \/>\n<meta property=\"og:description\" content=\"La columna plantea un escenario inquietante: bajo el discurso de\" \/>\n<meta property=\"og:url\" content=\"https:\/\/disidenteschile.com\/?p=7061\" \/>\n<meta property=\"og:site_name\" content=\"Disidentes Chile\" \/>\n<meta property=\"article:published_time\" content=\"2026-04-26T23:05:22+00:00\" \/>\n<meta property=\"article:modified_time\" content=\"2026-04-26T23:05:24+00:00\" \/>\n<meta property=\"og:image\" content=\"https:\/\/disidenteschile.com\/wp-content\/uploads\/2026\/04\/MTML.jpg\" \/>\n\t<meta property=\"og:image:width\" content=\"700\" \/>\n\t<meta property=\"og:image:height\" content=\"400\" \/>\n\t<meta property=\"og:image:type\" content=\"image\/jpeg\" \/>\n<meta name=\"author\" content=\"Chester\" \/>\n<meta name=\"twitter:card\" content=\"summary_large_image\" \/>\n<meta name=\"twitter:label1\" content=\"Escrito por\" \/>\n\t<meta name=\"twitter:data1\" content=\"Chester\" \/>\n\t<meta name=\"twitter:label2\" content=\"Tiempo estimado de lectura\" \/>\n\t<meta name=\"twitter:data2\" content=\"2 minutos\" \/>\n<script type=\"application\/ld+json\" class=\"yoast-schema-graph\">{\"@context\":\"https:\/\/schema.org\",\"@graph\":[{\"@type\":\"WebPage\",\"@id\":\"https:\/\/disidenteschile.com\/?p=7061\",\"url\":\"https:\/\/disidenteschile.com\/?p=7061\",\"name\":\"Matamala BARRE con Quiroz y lo denuncia de ser responsable de eliminar ayudas sociales. Otra NOTABLE columna - Disidentes Chile\",\"isPartOf\":{\"@id\":\"https:\/\/disidenteschile.com\/#website\"},\"primaryImageOfPage\":{\"@id\":\"https:\/\/disidenteschile.com\/?p=7061#primaryimage\"},\"image\":{\"@id\":\"https:\/\/disidenteschile.com\/?p=7061#primaryimage\"},\"thumbnailUrl\":\"https:\/\/disidenteschile.com\/wp-content\/uploads\/2026\/04\/MTML.jpg\",\"datePublished\":\"2026-04-26T23:05:22+00:00\",\"dateModified\":\"2026-04-26T23:05:24+00:00\",\"author\":{\"@id\":\"https:\/\/disidenteschile.com\/#\/schema\/person\/9a8ac58c48bacbd799fca4a753387cf8\"},\"breadcrumb\":{\"@id\":\"https:\/\/disidenteschile.com\/?p=7061#breadcrumb\"},\"inLanguage\":\"es-CL\",\"potentialAction\":[{\"@type\":\"ReadAction\",\"target\":[\"https:\/\/disidenteschile.com\/?p=7061\"]}]},{\"@type\":\"ImageObject\",\"inLanguage\":\"es-CL\",\"@id\":\"https:\/\/disidenteschile.com\/?p=7061#primaryimage\",\"url\":\"https:\/\/disidenteschile.com\/wp-content\/uploads\/2026\/04\/MTML.jpg\",\"contentUrl\":\"https:\/\/disidenteschile.com\/wp-content\/uploads\/2026\/04\/MTML.jpg\",\"width\":700,\"height\":400},{\"@type\":\"BreadcrumbList\",\"@id\":\"https:\/\/disidenteschile.com\/?p=7061#breadcrumb\",\"itemListElement\":[{\"@type\":\"ListItem\",\"position\":1,\"name\":\"Portada\",\"item\":\"https:\/\/disidenteschile.com\/\"},{\"@type\":\"ListItem\",\"position\":2,\"name\":\"Matamala BARRE con Quiroz y lo denuncia de ser responsable de eliminar ayudas sociales. Otra NOTABLE columna\"}]},{\"@type\":\"WebSite\",\"@id\":\"https:\/\/disidenteschile.com\/#website\",\"url\":\"https:\/\/disidenteschile.com\/\",\"name\":\"Disidentes Chile\",\"description\":\"LA VERDADERA S\u00c1TIRA POL\u00cdTICA   contacto@disidenteschile.com\",\"potentialAction\":[{\"@type\":\"SearchAction\",\"target\":{\"@type\":\"EntryPoint\",\"urlTemplate\":\"https:\/\/disidenteschile.com\/?s={search_term_string}\"},\"query-input\":{\"@type\":\"PropertyValueSpecification\",\"valueRequired\":true,\"valueName\":\"search_term_string\"}}],\"inLanguage\":\"es-CL\"},{\"@type\":\"Person\",\"@id\":\"https:\/\/disidenteschile.com\/#\/schema\/person\/9a8ac58c48bacbd799fca4a753387cf8\",\"name\":\"Chester\",\"image\":{\"@type\":\"ImageObject\",\"inLanguage\":\"es-CL\",\"@id\":\"https:\/\/disidenteschile.com\/#\/schema\/person\/image\/\",\"url\":\"https:\/\/secure.gravatar.com\/avatar\/5cc787367bb26df4d158a1a9aa7b733c?s=96&d=mm&r=g\",\"contentUrl\":\"https:\/\/secure.gravatar.com\/avatar\/5cc787367bb26df4d158a1a9aa7b733c?s=96&d=mm&r=g\",\"caption\":\"Chester\"},\"sameAs\":[\"https:\/\/disidenteschile.com\"],\"url\":\"https:\/\/disidenteschile.com\/?author=1\"}]}<\/script>\n<!-- \/ Yoast SEO plugin. -->","yoast_head_json":{"title":"Matamala BARRE con Quiroz y lo denuncia de ser responsable de eliminar ayudas sociales. Otra NOTABLE columna - Disidentes Chile","robots":{"index":"index","follow":"follow","max-snippet":"max-snippet:-1","max-image-preview":"max-image-preview:large","max-video-preview":"max-video-preview:-1"},"canonical":"https:\/\/disidenteschile.com\/?p=7061","og_locale":"es_ES","og_type":"article","og_title":"Matamala BARRE con Quiroz y lo denuncia de ser responsable de eliminar ayudas sociales. Otra NOTABLE columna - Disidentes Chile","og_description":"La columna plantea un escenario inquietante: bajo el discurso de","og_url":"https:\/\/disidenteschile.com\/?p=7061","og_site_name":"Disidentes Chile","article_published_time":"2026-04-26T23:05:22+00:00","article_modified_time":"2026-04-26T23:05:24+00:00","og_image":[{"width":700,"height":400,"url":"https:\/\/disidenteschile.com\/wp-content\/uploads\/2026\/04\/MTML.jpg","type":"image\/jpeg"}],"author":"Chester","twitter_card":"summary_large_image","twitter_misc":{"Escrito por":"Chester","Tiempo estimado de lectura":"2 minutos"},"schema":{"@context":"https:\/\/schema.org","@graph":[{"@type":"WebPage","@id":"https:\/\/disidenteschile.com\/?p=7061","url":"https:\/\/disidenteschile.com\/?p=7061","name":"Matamala BARRE con Quiroz y lo denuncia de ser responsable de eliminar ayudas sociales. Otra NOTABLE columna - Disidentes Chile","isPartOf":{"@id":"https:\/\/disidenteschile.com\/#website"},"primaryImageOfPage":{"@id":"https:\/\/disidenteschile.com\/?p=7061#primaryimage"},"image":{"@id":"https:\/\/disidenteschile.com\/?p=7061#primaryimage"},"thumbnailUrl":"https:\/\/disidenteschile.com\/wp-content\/uploads\/2026\/04\/MTML.jpg","datePublished":"2026-04-26T23:05:22+00:00","dateModified":"2026-04-26T23:05:24+00:00","author":{"@id":"https:\/\/disidenteschile.com\/#\/schema\/person\/9a8ac58c48bacbd799fca4a753387cf8"},"breadcrumb":{"@id":"https:\/\/disidenteschile.com\/?p=7061#breadcrumb"},"inLanguage":"es-CL","potentialAction":[{"@type":"ReadAction","target":["https:\/\/disidenteschile.com\/?p=7061"]}]},{"@type":"ImageObject","inLanguage":"es-CL","@id":"https:\/\/disidenteschile.com\/?p=7061#primaryimage","url":"https:\/\/disidenteschile.com\/wp-content\/uploads\/2026\/04\/MTML.jpg","contentUrl":"https:\/\/disidenteschile.com\/wp-content\/uploads\/2026\/04\/MTML.jpg","width":700,"height":400},{"@type":"BreadcrumbList","@id":"https:\/\/disidenteschile.com\/?p=7061#breadcrumb","itemListElement":[{"@type":"ListItem","position":1,"name":"Portada","item":"https:\/\/disidenteschile.com\/"},{"@type":"ListItem","position":2,"name":"Matamala BARRE con Quiroz y lo denuncia de ser responsable de eliminar ayudas sociales. Otra NOTABLE columna"}]},{"@type":"WebSite","@id":"https:\/\/disidenteschile.com\/#website","url":"https:\/\/disidenteschile.com\/","name":"Disidentes Chile","description":"LA VERDADERA S\u00c1TIRA POL\u00cdTICA   contacto@disidenteschile.com","potentialAction":[{"@type":"SearchAction","target":{"@type":"EntryPoint","urlTemplate":"https:\/\/disidenteschile.com\/?s={search_term_string}"},"query-input":{"@type":"PropertyValueSpecification","valueRequired":true,"valueName":"search_term_string"}}],"inLanguage":"es-CL"},{"@type":"Person","@id":"https:\/\/disidenteschile.com\/#\/schema\/person\/9a8ac58c48bacbd799fca4a753387cf8","name":"Chester","image":{"@type":"ImageObject","inLanguage":"es-CL","@id":"https:\/\/disidenteschile.com\/#\/schema\/person\/image\/","url":"https:\/\/secure.gravatar.com\/avatar\/5cc787367bb26df4d158a1a9aa7b733c?s=96&d=mm&r=g","contentUrl":"https:\/\/secure.gravatar.com\/avatar\/5cc787367bb26df4d158a1a9aa7b733c?s=96&d=mm&r=g","caption":"Chester"},"sameAs":["https:\/\/disidenteschile.com"],"url":"https:\/\/disidenteschile.com\/?author=1"}]}},"_links":{"self":[{"href":"https:\/\/disidenteschile.com\/index.php?rest_route=\/wp\/v2\/posts\/7061","targetHints":{"allow":["GET"]}}],"collection":[{"href":"https:\/\/disidenteschile.com\/index.php?rest_route=\/wp\/v2\/posts"}],"about":[{"href":"https:\/\/disidenteschile.com\/index.php?rest_route=\/wp\/v2\/types\/post"}],"author":[{"embeddable":true,"href":"https:\/\/disidenteschile.com\/index.php?rest_route=\/wp\/v2\/users\/1"}],"replies":[{"embeddable":true,"href":"https:\/\/disidenteschile.com\/index.php?rest_route=%2Fwp%2Fv2%2Fcomments&post=7061"}],"version-history":[{"count":1,"href":"https:\/\/disidenteschile.com\/index.php?rest_route=\/wp\/v2\/posts\/7061\/revisions"}],"predecessor-version":[{"id":7064,"href":"https:\/\/disidenteschile.com\/index.php?rest_route=\/wp\/v2\/posts\/7061\/revisions\/7064"}],"wp:featuredmedia":[{"embeddable":true,"href":"https:\/\/disidenteschile.com\/index.php?rest_route=\/wp\/v2\/media\/7062"}],"wp:attachment":[{"href":"https:\/\/disidenteschile.com\/index.php?rest_route=%2Fwp%2Fv2%2Fmedia&parent=7061"}],"wp:term":[{"taxonomy":"category","embeddable":true,"href":"https:\/\/disidenteschile.com\/index.php?rest_route=%2Fwp%2Fv2%2Fcategories&post=7061"},{"taxonomy":"post_tag","embeddable":true,"href":"https:\/\/disidenteschile.com\/index.php?rest_route=%2Fwp%2Fv2%2Ftags&post=7061"}],"curies":[{"name":"wp","href":"https:\/\/api.w.org\/{rel}","templated":true}]}}