{"id":7065,"date":"2026-04-26T19:33:00","date_gmt":"2026-04-26T23:33:00","guid":{"rendered":"https:\/\/disidenteschile.com\/?p=7065"},"modified":"2026-04-26T19:42:53","modified_gmt":"2026-04-26T23:42:53","slug":"menos-mal-que-tengo-cuero-e-chancho-mara-sedini-no-esta-ni-ahi-con-las-citicas-y-acusa-de-bullyng-a-la-izquierda","status":"publish","type":"post","link":"https:\/\/disidenteschile.com\/?p=7065","title":{"rendered":"&#8220;Menos mal que tengo cuero e chancho&#8221;   Mara Sedini, no est\u00e1 &#8220;NI AH\u00cd&#8221; con las c\u00edticas y acusa de bullyng a la izquierda"},"content":{"rendered":"\n<div id=\"taboola-mid-article-thumbnails-2\"><\/div>\n<script type=\"text\/javascript\">\n  window._taboola = window._taboola || [];\n  _taboola.push({\n    mode: 'thumbnails-mid',\n    container: 'taboola-mid-article-thumbnails-2',\n    placement: 'Mid Article Thumbnails 2',\n    target_type: 'mix'\n  });\n<\/script>\n\n\n\n<p class=\"has-large-font-size\">La ministra vocera de Gobierno, Mara Sedini, enfrent\u00f3 los cuestionamientos a su gesti\u00f3n y reactiv\u00f3 la discusi\u00f3n pol\u00edtica.<\/p>\n\n\n\n<p class=\"has-large-font-size\">En una entrevista con Ex Ante, la secretaria de Estado denunci\u00f3 lo que considera una estrategia constante de ataques personales provenientes de sectores de izquierda, marcando un cambio en el tono del Ejecutivo.<\/p>\n\n\n\n<p class=\"has-large-font-size\">\u201cCuando a la izquierda le faltan argumentos, recurre al bullying desde la banalidad\u201d, afirm\u00f3. Y agreg\u00f3 una frase que r\u00e1pidamente se viraliz\u00f3: \u201cMenos mal que tengo cuero de chancho\u201d.<\/p>\n\n\n\n<p class=\"has-large-font-size\">Sedini no solo se refiri\u00f3 a cr\u00edticas pol\u00edticas, sino que tambi\u00e9n abord\u00f3 un tema delicado: el trato diferenciado hacia mujeres en cargos p\u00fablicos.<\/p>\n\n\n\n<p class=\"has-large-font-size\">Seg\u00fan explic\u00f3, existe una \u201cfijaci\u00f3n\u201d en elementos como su apariencia o vestimenta, algo que \u2014seg\u00fan ella\u2014 no ocurre con figuras masculinas en posiciones similares.<\/p>\n\n\n\n<p class=\"has-large-font-size\">\u201cEse bullying o esas agresiones buscan denigrar y destruir la imagen de una persona para bajarla de la agenda pol\u00edtica\u201d, sostuvo. En esa l\u00ednea, plante\u00f3 que estas conductas no son casos aislados, sino parte de una din\u00e1mica m\u00e1s amplia dentro del debate actual.<\/p>\n\n\n\n<div id=\"taboola-mid-article-thumbnails\"><\/div>\n<script type=\"text\/javascript\">\n  window._taboola = window._taboola || [];\n  _taboola.push({\n    mode: 'thumbnails-mid',\n    container: 'taboola-mid-article-thumbnails',\n    placement: 'Mid Article Thumbnails',\n    target_type: 'mix'\n  });\n<\/script>\n\n\n\n<p class=\"has-large-font-size\">Pese a este escenario, asegur\u00f3 mantenerse firme en su rol: \u201cSoy una de las figuras m\u00e1s expuestas por mi cargo, pero las cr\u00edticas personales no me sacan del foco. No me quedo en una posici\u00f3n victimista\u201d.<\/p>\n\n\n\n<p class=\"has-large-font-size\">La vocera tambi\u00e9n se refiri\u00f3 a su baja en las encuestas, un tema que ha generado inquietud en el oficialismo. Sin embargo, le rest\u00f3 dramatismo: \u201cLas encuestas son fotograf\u00edas del momento\u201d, afirm\u00f3, atribuyendo los resultados a decisiones complejas que ha debido comunicar, como el alza en los combustibles.<\/p>\n\n\n\n<p class=\"has-large-font-size\">Asimismo, elev\u00f3 el tono frente a la oposici\u00f3n, criticando lo que considera un uso reiterado de la \u201clucha de clases\u201d para cuestionar medidas del gobierno, especialmente en materia econ\u00f3mica.<\/p>\n\n\n\n<p class=\"has-large-font-size\">\u201cEl ataque contra la rebaja del impuesto corporativo busca enfrentar a ricos contra pobres, pero ac\u00e1 es todo lo contrario\u201d, se\u00f1al\u00f3.<\/p>\n\n\n\n<p class=\"has-large-font-size\">Finalmente, descart\u00f3 conflictos internos en el equipo comunicacional de La Moneda, asegurando que existe coordinaci\u00f3n y una estrategia alineada, pese a versiones que hablan de un control excesivo en las vocer\u00edas.<\/p>\n\n\n\n<div id=\"taboola-below-article-thumbnails\"><\/div>\n<script type=\"text\/javascript\">\n  window._taboola = window._taboola || [];\n  _taboola.push({\n    mode: 'alternating-thumbnails-a',\n    container: 'taboola-below-article-thumbnails',\n    placement: 'Below Article Thumbnails',\n    target_type: 'mix'\n  });\n<\/script>\n","protected":false},"excerpt":{"rendered":"<p>La ministra vocera de Gobierno, Mara Sedini, enfrent\u00f3 los cuestionamientos<\/p>\n","protected":false},"author":1,"featured_media":7068,"comment_status":"open","ping_status":"open","sticky":false,"template":"","format":"standard","meta":{"footnotes":""},"categories":[1],"tags":[],"class_list":["post-7065","post","type-post","status-publish","format-standard","has-post-thumbnail","hentry","category-noticias-y-actualidad"],"yoast_head":"<!-- This site is optimized with the Yoast SEO plugin v26.6 - https:\/\/yoast.com\/wordpress\/plugins\/seo\/ -->\n<title>&quot;Menos mal que tengo cuero e chancho&quot;  Mara Sedini, no est\u00e1 &quot;NI AH\u00cd&quot; con las c\u00edticas y acusa de bullyng a la izquierda - Disidentes Chile<\/title>\n<meta name=\"robots\" content=\"index, follow, max-snippet:-1, max-image-preview:large, max-video-preview:-1\" \/>\n<link rel=\"canonical\" href=\"https:\/\/disidenteschile.com\/?p=7065\" \/>\n<meta property=\"og:locale\" content=\"es_ES\" \/>\n<meta property=\"og:type\" content=\"article\" \/>\n<meta property=\"og:title\" content=\"&quot;Menos mal que tengo cuero e chancho&quot;  Mara Sedini, no est\u00e1 &quot;NI AH\u00cd&quot; con las c\u00edticas y acusa de bullyng a la izquierda - Disidentes Chile\" \/>\n<meta property=\"og:description\" content=\"La ministra vocera de Gobierno, Mara Sedini, enfrent\u00f3 los cuestionamientos\" \/>\n<meta property=\"og:url\" content=\"https:\/\/disidenteschile.com\/?p=7065\" \/>\n<meta property=\"og:site_name\" content=\"Disidentes Chile\" \/>\n<meta property=\"article:published_time\" content=\"2026-04-26T23:33:00+00:00\" \/>\n<meta property=\"article:modified_time\" content=\"2026-04-26T23:42:53+00:00\" \/>\n<meta property=\"og:image\" content=\"https:\/\/disidenteschile.com\/wp-content\/uploads\/2026\/04\/MAIRIAS.jpg\" \/>\n\t<meta property=\"og:image:width\" content=\"700\" \/>\n\t<meta property=\"og:image:height\" content=\"400\" \/>\n\t<meta property=\"og:image:type\" content=\"image\/jpeg\" \/>\n<meta name=\"author\" content=\"Chester\" \/>\n<meta name=\"twitter:card\" content=\"summary_large_image\" \/>\n<meta name=\"twitter:label1\" content=\"Escrito por\" \/>\n\t<meta name=\"twitter:data1\" content=\"Chester\" \/>\n\t<meta name=\"twitter:label2\" content=\"Tiempo estimado de lectura\" \/>\n\t<meta name=\"twitter:data2\" content=\"7 minutos\" \/>\n<script type=\"application\/ld+json\" class=\"yoast-schema-graph\">{\"@context\":\"https:\/\/schema.org\",\"@graph\":[{\"@type\":\"WebPage\",\"@id\":\"https:\/\/disidenteschile.com\/?p=7065\",\"url\":\"https:\/\/disidenteschile.com\/?p=7065\",\"name\":\"\\\"Menos mal que tengo cuero e chancho\\\" Mara Sedini, no est\u00e1 \\\"NI AH\u00cd\\\" con las c\u00edticas y acusa de bullyng a la izquierda - Disidentes Chile\",\"isPartOf\":{\"@id\":\"https:\/\/disidenteschile.com\/#website\"},\"primaryImageOfPage\":{\"@id\":\"https:\/\/disidenteschile.com\/?p=7065#primaryimage\"},\"image\":{\"@id\":\"https:\/\/disidenteschile.com\/?p=7065#primaryimage\"},\"thumbnailUrl\":\"https:\/\/disidenteschile.com\/wp-content\/uploads\/2026\/04\/MAIRIAS.jpg\",\"datePublished\":\"2026-04-26T23:33:00+00:00\",\"dateModified\":\"2026-04-26T23:42:53+00:00\",\"author\":{\"@id\":\"https:\/\/disidenteschile.com\/#\/schema\/person\/9a8ac58c48bacbd799fca4a753387cf8\"},\"breadcrumb\":{\"@id\":\"https:\/\/disidenteschile.com\/?p=7065#breadcrumb\"},\"inLanguage\":\"es-CL\",\"potentialAction\":[{\"@type\":\"ReadAction\",\"target\":[\"https:\/\/disidenteschile.com\/?p=7065\"]}]},{\"@type\":\"ImageObject\",\"inLanguage\":\"es-CL\",\"@id\":\"https:\/\/disidenteschile.com\/?p=7065#primaryimage\",\"url\":\"https:\/\/disidenteschile.com\/wp-content\/uploads\/2026\/04\/MAIRIAS.jpg\",\"contentUrl\":\"https:\/\/disidenteschile.com\/wp-content\/uploads\/2026\/04\/MAIRIAS.jpg\",\"width\":700,\"height\":400},{\"@type\":\"BreadcrumbList\",\"@id\":\"https:\/\/disidenteschile.com\/?p=7065#breadcrumb\",\"itemListElement\":[{\"@type\":\"ListItem\",\"position\":1,\"name\":\"Portada\",\"item\":\"https:\/\/disidenteschile.com\/\"},{\"@type\":\"ListItem\",\"position\":2,\"name\":\"&#8220;Menos mal que tengo cuero e chancho&#8221; Mara Sedini, no est\u00e1 &#8220;NI AH\u00cd&#8221; con las c\u00edticas y acusa de bullyng a la izquierda\"}]},{\"@type\":\"WebSite\",\"@id\":\"https:\/\/disidenteschile.com\/#website\",\"url\":\"https:\/\/disidenteschile.com\/\",\"name\":\"Disidentes Chile\",\"description\":\"LA VERDADERA S\u00c1TIRA POL\u00cdTICA   contacto@disidenteschile.com\",\"potentialAction\":[{\"@type\":\"SearchAction\",\"target\":{\"@type\":\"EntryPoint\",\"urlTemplate\":\"https:\/\/disidenteschile.com\/?s={search_term_string}\"},\"query-input\":{\"@type\":\"PropertyValueSpecification\",\"valueRequired\":true,\"valueName\":\"search_term_string\"}}],\"inLanguage\":\"es-CL\"},{\"@type\":\"Person\",\"@id\":\"https:\/\/disidenteschile.com\/#\/schema\/person\/9a8ac58c48bacbd799fca4a753387cf8\",\"name\":\"Chester\",\"image\":{\"@type\":\"ImageObject\",\"inLanguage\":\"es-CL\",\"@id\":\"https:\/\/disidenteschile.com\/#\/schema\/person\/image\/\",\"url\":\"https:\/\/secure.gravatar.com\/avatar\/5cc787367bb26df4d158a1a9aa7b733c?s=96&d=mm&r=g\",\"contentUrl\":\"https:\/\/secure.gravatar.com\/avatar\/5cc787367bb26df4d158a1a9aa7b733c?s=96&d=mm&r=g\",\"caption\":\"Chester\"},\"sameAs\":[\"https:\/\/disidenteschile.com\"],\"url\":\"https:\/\/disidenteschile.com\/?author=1\"}]}<\/script>\n<!-- \/ Yoast SEO plugin. -->","yoast_head_json":{"title":"\"Menos mal que tengo cuero e chancho\"  Mara Sedini, no est\u00e1 \"NI AH\u00cd\" con las c\u00edticas y acusa de bullyng a la izquierda - Disidentes Chile","robots":{"index":"index","follow":"follow","max-snippet":"max-snippet:-1","max-image-preview":"max-image-preview:large","max-video-preview":"max-video-preview:-1"},"canonical":"https:\/\/disidenteschile.com\/?p=7065","og_locale":"es_ES","og_type":"article","og_title":"\"Menos mal que tengo cuero e chancho\"  Mara Sedini, no est\u00e1 \"NI AH\u00cd\" con las c\u00edticas y acusa de bullyng a la izquierda - Disidentes Chile","og_description":"La ministra vocera de Gobierno, Mara Sedini, enfrent\u00f3 los cuestionamientos","og_url":"https:\/\/disidenteschile.com\/?p=7065","og_site_name":"Disidentes Chile","article_published_time":"2026-04-26T23:33:00+00:00","article_modified_time":"2026-04-26T23:42:53+00:00","og_image":[{"width":700,"height":400,"url":"https:\/\/disidenteschile.com\/wp-content\/uploads\/2026\/04\/MAIRIAS.jpg","type":"image\/jpeg"}],"author":"Chester","twitter_card":"summary_large_image","twitter_misc":{"Escrito por":"Chester","Tiempo estimado de lectura":"7 minutos"},"schema":{"@context":"https:\/\/schema.org","@graph":[{"@type":"WebPage","@id":"https:\/\/disidenteschile.com\/?p=7065","url":"https:\/\/disidenteschile.com\/?p=7065","name":"\"Menos mal que tengo cuero e chancho\" Mara Sedini, no est\u00e1 \"NI AH\u00cd\" con las c\u00edticas y acusa de bullyng a la izquierda - Disidentes Chile","isPartOf":{"@id":"https:\/\/disidenteschile.com\/#website"},"primaryImageOfPage":{"@id":"https:\/\/disidenteschile.com\/?p=7065#primaryimage"},"image":{"@id":"https:\/\/disidenteschile.com\/?p=7065#primaryimage"},"thumbnailUrl":"https:\/\/disidenteschile.com\/wp-content\/uploads\/2026\/04\/MAIRIAS.jpg","datePublished":"2026-04-26T23:33:00+00:00","dateModified":"2026-04-26T23:42:53+00:00","author":{"@id":"https:\/\/disidenteschile.com\/#\/schema\/person\/9a8ac58c48bacbd799fca4a753387cf8"},"breadcrumb":{"@id":"https:\/\/disidenteschile.com\/?p=7065#breadcrumb"},"inLanguage":"es-CL","potentialAction":[{"@type":"ReadAction","target":["https:\/\/disidenteschile.com\/?p=7065"]}]},{"@type":"ImageObject","inLanguage":"es-CL","@id":"https:\/\/disidenteschile.com\/?p=7065#primaryimage","url":"https:\/\/disidenteschile.com\/wp-content\/uploads\/2026\/04\/MAIRIAS.jpg","contentUrl":"https:\/\/disidenteschile.com\/wp-content\/uploads\/2026\/04\/MAIRIAS.jpg","width":700,"height":400},{"@type":"BreadcrumbList","@id":"https:\/\/disidenteschile.com\/?p=7065#breadcrumb","itemListElement":[{"@type":"ListItem","position":1,"name":"Portada","item":"https:\/\/disidenteschile.com\/"},{"@type":"ListItem","position":2,"name":"&#8220;Menos mal que tengo cuero e chancho&#8221; Mara Sedini, no est\u00e1 &#8220;NI AH\u00cd&#8221; con las c\u00edticas y acusa de bullyng a la izquierda"}]},{"@type":"WebSite","@id":"https:\/\/disidenteschile.com\/#website","url":"https:\/\/disidenteschile.com\/","name":"Disidentes Chile","description":"LA VERDADERA S\u00c1TIRA POL\u00cdTICA   contacto@disidenteschile.com","potentialAction":[{"@type":"SearchAction","target":{"@type":"EntryPoint","urlTemplate":"https:\/\/disidenteschile.com\/?s={search_term_string}"},"query-input":{"@type":"PropertyValueSpecification","valueRequired":true,"valueName":"search_term_string"}}],"inLanguage":"es-CL"},{"@type":"Person","@id":"https:\/\/disidenteschile.com\/#\/schema\/person\/9a8ac58c48bacbd799fca4a753387cf8","name":"Chester","image":{"@type":"ImageObject","inLanguage":"es-CL","@id":"https:\/\/disidenteschile.com\/#\/schema\/person\/image\/","url":"https:\/\/secure.gravatar.com\/avatar\/5cc787367bb26df4d158a1a9aa7b733c?s=96&d=mm&r=g","contentUrl":"https:\/\/secure.gravatar.com\/avatar\/5cc787367bb26df4d158a1a9aa7b733c?s=96&d=mm&r=g","caption":"Chester"},"sameAs":["https:\/\/disidenteschile.com"],"url":"https:\/\/disidenteschile.com\/?author=1"}]}},"_links":{"self":[{"href":"https:\/\/disidenteschile.com\/index.php?rest_route=\/wp\/v2\/posts\/7065","targetHints":{"allow":["GET"]}}],"collection":[{"href":"https:\/\/disidenteschile.com\/index.php?rest_route=\/wp\/v2\/posts"}],"about":[{"href":"https:\/\/disidenteschile.com\/index.php?rest_route=\/wp\/v2\/types\/post"}],"author":[{"embeddable":true,"href":"https:\/\/disidenteschile.com\/index.php?rest_route=\/wp\/v2\/users\/1"}],"replies":[{"embeddable":true,"href":"https:\/\/disidenteschile.com\/index.php?rest_route=%2Fwp%2Fv2%2Fcomments&post=7065"}],"version-history":[{"count":1,"href":"https:\/\/disidenteschile.com\/index.php?rest_route=\/wp\/v2\/posts\/7065\/revisions"}],"predecessor-version":[{"id":7067,"href":"https:\/\/disidenteschile.com\/index.php?rest_route=\/wp\/v2\/posts\/7065\/revisions\/7067"}],"wp:featuredmedia":[{"embeddable":true,"href":"https:\/\/disidenteschile.com\/index.php?rest_route=\/wp\/v2\/media\/7068"}],"wp:attachment":[{"href":"https:\/\/disidenteschile.com\/index.php?rest_route=%2Fwp%2Fv2%2Fmedia&parent=7065"}],"wp:term":[{"taxonomy":"category","embeddable":true,"href":"https:\/\/disidenteschile.com\/index.php?rest_route=%2Fwp%2Fv2%2Fcategories&post=7065"},{"taxonomy":"post_tag","embeddable":true,"href":"https:\/\/disidenteschile.com\/index.php?rest_route=%2Fwp%2Fv2%2Ftags&post=7065"}],"curies":[{"name":"wp","href":"https:\/\/api.w.org\/{rel}","templated":true}]}}